{"id":3784,"date":"2022-10-13T13:43:30","date_gmt":"2022-10-13T11:43:30","guid":{"rendered":"https:\/\/www.yannberriet.com\/gala-en-la-comedie-francaise\/"},"modified":"2024-02-15T15:35:06","modified_gmt":"2024-02-15T14:35:06","slug":"gala-en-la-comedie-francaise","status":"publish","type":"post","link":"https:\/\/www.yannberriet.com\/es\/gala-en-la-comedie-francaise\/","title":{"rendered":"Gala en la Com\u00e9die Fran\u00e7aise"},"content":{"rendered":"\n<p>\u00a1Un momento hist\u00f3rico! Con motivo del 400 aniversario del nacimiento de Moli\u00e8re, la fundaci\u00f3n Culture et Diversit\u00e9 y La Com\u00e9die Fran\u00e7aise organizaron una gala de improvisaci\u00f3n en la que participaron j\u00f3venes de la fundaci\u00f3n, actores de La Com\u00e9die Fran\u00e7aise y Jamel Debbouze, famoso actor franc\u00e9s. Para completar el equipo, tuve la suerte y el honor de ser invitado. Asistieron la Primera Dama, Brigitte Macron, el Ministro de Cultura franc\u00e9s y numerosas personalidades. Un espect\u00e1culo extraordinario desde todos los puntos de vista.  <\/p>\n\n<p>Y la guinda del pastel: \u00a1una improvisaci\u00f3n al estilo de Moli\u00e8re, en su propio teatro!<\/p>\n","protected":false},"excerpt":{"rendered":"<p>\u00a1Un momento hist\u00f3rico! Con motivo del 400 aniversario del nacimiento de Moli\u00e8re, la fundaci\u00f3n Culture et Diversit\u00e9 y La Com\u00e9die Fran\u00e7aise organizaron una gala de improvisaci\u00f3n en la que participaron j\u00f3venes de la fundaci\u00f3n, actores de La Com\u00e9die Fran\u00e7aise y Jamel Debbouze, famoso actor franc\u00e9s. Para completar el equipo, tuve la suerte y el honor [&hellip;]<\/p>\n","protected":false},"author":1,"featured_media":3053,"comment_status":"closed","ping_status":"open","sticky":false,"template":"","format":"standard","meta":{"_monsterinsights_skip_tracking":false,"_monsterinsights_sitenote_active":false,"_monsterinsights_sitenote_note":"","_monsterinsights_sitenote_category":0,"footnotes":""},"categories":[156],"tags":[],"jetpack_sharing_enabled":true,"jetpack_featured_media_url":"https:\/\/www.yannberriet.com\/wp-content\/uploads\/2022\/10\/813-ThomasRaffoux_AFF0704-2.jpg","_links":{"self":[{"href":"https:\/\/www.yannberriet.com\/es\/wp-json\/wp\/v2\/posts\/3784"}],"collection":[{"href":"https:\/\/www.yannberriet.com\/es\/wp-json\/wp\/v2\/posts"}],"about":[{"href":"https:\/\/www.yannberriet.com\/es\/wp-json\/wp\/v2\/types\/post"}],"author":[{"embeddable":true,"href":"https:\/\/www.yannberriet.com\/es\/wp-json\/wp\/v2\/users\/1"}],"replies":[{"embeddable":true,"href":"https:\/\/www.yannberriet.com\/es\/wp-json\/wp\/v2\/comments?post=3784"}],"version-history":[{"count":1,"href":"https:\/\/www.yannberriet.com\/es\/wp-json\/wp\/v2\/posts\/3784\/revisions"}],"predecessor-version":[{"id":3786,"href":"https:\/\/www.yannberriet.com\/es\/wp-json\/wp\/v2\/posts\/3784\/revisions\/3786"}],"wp:featuredmedia":[{"embeddable":true,"href":"https:\/\/www.yannberriet.com\/es\/wp-json\/wp\/v2\/media\/3053"}],"wp:attachment":[{"href":"https:\/\/www.yannberriet.com\/es\/wp-json\/wp\/v2\/media?parent=3784"}],"wp:term":[{"taxonomy":"category","embeddable":true,"href":"https:\/\/www.yannberriet.com\/es\/wp-json\/wp\/v2\/categories?post=3784"},{"taxonomy":"post_tag","embeddable":true,"href":"https:\/\/www.yannberriet.com\/es\/wp-json\/wp\/v2\/tags?post=3784"}],"curies":[{"name":"wp","href":"https:\/\/api.w.org\/{rel}","templated":true}]}}