{"id":3715,"date":"2021-05-27T10:08:04","date_gmt":"2021-05-27T08:08:04","guid":{"rendered":"https:\/\/www.yannberriet.com\/estreno-de-la-serie-the-sleepwalker\/"},"modified":"2024-02-15T15:34:57","modified_gmt":"2024-02-15T14:34:57","slug":"estreno-de-la-serie-the-sleepwalker","status":"publish","type":"post","link":"https:\/\/www.yannberriet.com\/es\/estreno-de-la-serie-the-sleepwalker\/","title":{"rendered":"Estreno de la serie &#8220;The Sleepwalker"},"content":{"rendered":"\n<p>\u00a1Ya est\u00e1 en la plataforma franco-alemana Arte.tv! Una serie mezclando comedia, fant\u00e1stico, thriller, polic\u00eda y miles de influencias. Un objeto poco visto en tele en lo cual me pod\u00e9is descubrir haciendo Martinet, el asistente del jefe de polic\u00eda. \u00a1\u00a1\u00a1Un papel que disfrute much\u00edsimo !!!<\/p>\n\n<figure class=\"wp-block-image size-large\"><img loading=\"lazy\" decoding=\"async\" width=\"1024\" height=\"576\" src=\"http:\/\/www.yannberriet.com\/wp-content\/uploads\/2021\/02\/BrigadeWestheim2-1024x576.jpg\" alt=\"\" class=\"wp-image-237\" srcset=\"https:\/\/www.yannberriet.com\/wp-content\/uploads\/2021\/02\/BrigadeWestheim2-1024x576.jpg 1024w, https:\/\/www.yannberriet.com\/wp-content\/uploads\/2021\/02\/BrigadeWestheim2-300x169.jpg 300w, https:\/\/www.yannberriet.com\/wp-content\/uploads\/2021\/02\/BrigadeWestheim2-768x432.jpg 768w, https:\/\/www.yannberriet.com\/wp-content\/uploads\/2021\/02\/BrigadeWestheim2-1536x864.jpg 1536w, https:\/\/www.yannberriet.com\/wp-content\/uploads\/2021\/02\/BrigadeWestheim2-2048x1152.jpg 2048w\" sizes=\"(max-width: 1024px) 100vw, 1024px\" \/><\/figure>\n<p>Para descubrir la serie :  <\/p>\n\n<p><a href=\"https:\/\/www.arte.tv\/fr\/videos\/RC-020958\/le-somnambuliste\/\">https:\/\/www.arte.tv\/fr\/videos\/RC-020958\/le-somnambuliste\/<\/a><\/p>\n\n<p>El teaser de la serie que hice :<\/p>\n\n<p><a href=\"https:\/\/www.instagram.com\/p\/CPGcRYAIrok\/?utm_source=ig_embed&amp;utm_campaign=loading\" target=\"_blank\" rel=\"noreferrer noopener\">Ver esta publicaci\u00f3n en Instagram<\/a><\/p>\n\n<p><a href=\"https:\/\/www.instagram.com\/p\/CPGcRYAIrok\/?utm_source=ig_embed&amp;utm_campaign=loading\" target=\"_blank\" rel=\"noreferrer noopener\">Una publicaci\u00f3n compartida por ARTE \u00e0 suivre&#8230; (@arte_asuivre)<\/a><\/p>\n","protected":false},"excerpt":{"rendered":"<p>\u00a1Ya se estrena la serie Le Somnambuliste!<\/p>\n","protected":false},"author":1,"featured_media":0,"comment_status":"closed","ping_status":"open","sticky":false,"template":"","format":"standard","meta":{"_monsterinsights_skip_tracking":false,"_monsterinsights_sitenote_active":false,"_monsterinsights_sitenote_note":"","_monsterinsights_sitenote_category":0,"footnotes":""},"categories":[155],"tags":[],"jetpack_sharing_enabled":true,"jetpack_featured_media_url":"","_links":{"self":[{"href":"https:\/\/www.yannberriet.com\/es\/wp-json\/wp\/v2\/posts\/3715"}],"collection":[{"href":"https:\/\/www.yannberriet.com\/es\/wp-json\/wp\/v2\/posts"}],"about":[{"href":"https:\/\/www.yannberriet.com\/es\/wp-json\/wp\/v2\/types\/post"}],"author":[{"embeddable":true,"href":"https:\/\/www.yannberriet.com\/es\/wp-json\/wp\/v2\/users\/1"}],"replies":[{"embeddable":true,"href":"https:\/\/www.yannberriet.com\/es\/wp-json\/wp\/v2\/comments?post=3715"}],"version-history":[{"count":1,"href":"https:\/\/www.yannberriet.com\/es\/wp-json\/wp\/v2\/posts\/3715\/revisions"}],"predecessor-version":[{"id":3726,"href":"https:\/\/www.yannberriet.com\/es\/wp-json\/wp\/v2\/posts\/3715\/revisions\/3726"}],"wp:attachment":[{"href":"https:\/\/www.yannberriet.com\/es\/wp-json\/wp\/v2\/media?parent=3715"}],"wp:term":[{"taxonomy":"category","embeddable":true,"href":"https:\/\/www.yannberriet.com\/es\/wp-json\/wp\/v2\/categories?post=3715"},{"taxonomy":"post_tag","embeddable":true,"href":"https:\/\/www.yannberriet.com\/es\/wp-json\/wp\/v2\/tags?post=3715"}],"curies":[{"name":"wp","href":"https:\/\/api.w.org\/{rel}","templated":true}]}}